{"id":3757,"date":"2020-12-30T19:22:35","date_gmt":"2020-12-30T22:22:35","guid":{"rendered":"http:\/\/patagonia.gob.ar\/?p=3757"},"modified":"2020-12-30T19:22:35","modified_gmt":"2020-12-30T22:22:35","slug":"la-universidad-de-ezeiza-presento-diagnostico-sobre-conectividad-aerea-en-patagonia","status":"publish","type":"post","link":"https:\/\/patagonia.gob.ar\/wp2019\/2020\/12\/30\/la-universidad-de-ezeiza-presento-diagnostico-sobre-conectividad-aerea-en-patagonia\/","title":{"rendered":"La Universidad de Ezeiza present\u00f3 diagn\u00f3stico sobre conectividad a\u00e9rea en Patagonia"},"content":{"rendered":"<p><strong>En el marco del convenio firmado entre el Ente Patagonia Argentina y la instituci\u00f3n acad\u00e9mica, el Observatorio de Transporte A\u00e9reo y Turismo present\u00f3 un avance del trabajo de investigaci\u00f3n que llevan a cabo sobre \u201cConectividad a\u00e9rea y turismo\u201d en la regi\u00f3n<\/strong><\/p>\n<p>En virtud del acuerdo rubricado a mitad del presente a\u00f1o entre el Ente Oficial de Turismo Patagonia Argentina y la Universidad Provincial de Ezeiza, se llev\u00f3 a cabo un trabajo de investigaci\u00f3n con el objetivo de analizar la conectividad a\u00e9rea de la Patagonia inter e intrarregional, y establecer la relaci\u00f3n con el sector tur\u00edstico y la poblaci\u00f3n local.<\/p>\n<p>La tarea estuvo a cargo del Observatorio de Transporte A\u00e9reo y Turismo de la Universidad, quienes realizaron la primera devoluci\u00f3n de ese trabajo que materializa el convenio en busca de un aporte concreto que contribuya a la toma de decisiones.<\/p>\n<p>La Presidente del Ente Patagonia, Adriana Romero, expres\u00f3 su agradecimiento a la Universidad, a los estudiantes y profesores, y en especial a Eduardo Cimolai y Leonardo Altieri, autoridades de la Universidad \u201cpor el aporte a la base emp\u00edrica que necesitamos para cimentar nuestros apoyos a una mejora de las conexiones aerocomerciales de nuestros destinos patag\u00f3nicos\u201d. \u00a0\u201cY sobre todo \u2013 continu\u00f3 Romero &#8211; invitar a propiciar una continuidad en esta l\u00ednea de investigaci\u00f3n, sobre las limitantes que afectan a nuestra regi\u00f3n, que pese a contar con recursos y atractivos de jerarqu\u00eda internacional, todav\u00eda requiere de una tarea conjunta que integre turismo y transporte aerocomercial\u201d concluy\u00f3.<\/p>\n<p>Por su parte el Director del Observatorio de Transporte A\u00e9reo y Turismo Eduardo Cimolai, destac\u00f3 \u201cla confianza en las capacidades del equipo investigador para llevar adelante esta tarea por parte de las autoridades del Ente\u201d y felicit\u00f3 \u201cla tarea de Cristina Torres supervisando y de Mar\u00eda Celeste Fermanelli coordinando &#8211; ambas docentes de esta casa de estudios &#8211; la implementaci\u00f3n de la investigaci\u00f3n\u201d. \u201cEn escasos 4 meses, se realiz\u00f3 una ardua tarea que pretendemos profundizar en pr\u00f3ximos estudios en conjunto con el Ente y las Provincias\u2019. Por \u00faltimo, agradeci\u00f3 \u201cel compromiso de Selva Figueredo, Evelyn Schuster y Paula Cardozo Pesce, las 3 estudiantes que integraron el equipo\u201d.<\/p>\n<p>Del encuentro virtual participaron la Directora Ejecutiva del Ente Patagonia, Miriam Capasso, representantes de las \u00e1reas de turismo de las provincias patag\u00f3nicas, la Secretaria Acad\u00e9mica de la Universidad Macarena Forneris, el coordinador de la Carrera de Turismo Leonardo Altieri, el equipo de investigaci\u00f3n integrado por docentes, graduados y alumnos de la Universidad, y el Gerente de Aerol\u00edneas Argentinas de Santa Rosa La Pampa, Carlos Maurel.<\/p>\n<p>La Universidad Provincial de Ezeiza es una Universidad p\u00fablica que entre su oferta acad\u00e9mica cuenta con la Licenciatura en turismo y la Licenciatura en gesti\u00f3n aeroportuaria, entre otras muchas propuestas educativas. El convenio firmado tiene por objetivo fortalecer el v\u00ednculo con el \u00e1mbito acad\u00e9mico, a trav\u00e9s del intercambio entre ambas instituciones en \u00e1reas de investigaci\u00f3n y formaci\u00f3n en materia tur\u00edstica.<\/p>\n","protected":false},"excerpt":{"rendered":"<p>En el marco del convenio firmado entre el Ente Patagonia Argentina y la instituci\u00f3n acad\u00e9mica, el Observatorio de Transporte A\u00e9reo y Turismo present\u00f3 un avance del trabajo de investigaci\u00f3n que llevan a cabo sobre \u201cConectividad a\u00e9rea y turismo\u201d en la regi\u00f3n [&#8230;]<\/p>\n<p><a class=\"btn btn-secondary understrap-read-more-link\" href=\"https:\/\/patagonia.gob.ar\/wp2019\/2020\/12\/30\/la-universidad-de-ezeiza-presento-diagnostico-sobre-conectividad-aerea-en-patagonia\/\">Leer m\u00e1s&#8230;<\/a><\/p>\n","protected":false},"author":3,"featured_media":3758,"comment_status":"open","ping_status":"open","sticky":false,"template":"","format":"standard","meta":[],"categories":[2],"tags":[],"_links":{"self":[{"href":"https:\/\/patagonia.gob.ar\/wp2019\/wp-json\/wp\/v2\/posts\/3757"}],"collection":[{"href":"https:\/\/patagonia.gob.ar\/wp2019\/wp-json\/wp\/v2\/posts"}],"about":[{"href":"https:\/\/patagonia.gob.ar\/wp2019\/wp-json\/wp\/v2\/types\/post"}],"author":[{"embeddable":true,"href":"https:\/\/patagonia.gob.ar\/wp2019\/wp-json\/wp\/v2\/users\/3"}],"replies":[{"embeddable":true,"href":"https:\/\/patagonia.gob.ar\/wp2019\/wp-json\/wp\/v2\/comments?post=3757"}],"version-history":[{"count":1,"href":"https:\/\/patagonia.gob.ar\/wp2019\/wp-json\/wp\/v2\/posts\/3757\/revisions"}],"predecessor-version":[{"id":3762,"href":"https:\/\/patagonia.gob.ar\/wp2019\/wp-json\/wp\/v2\/posts\/3757\/revisions\/3762"}],"wp:featuredmedia":[{"embeddable":true,"href":"https:\/\/patagonia.gob.ar\/wp2019\/wp-json\/wp\/v2\/media\/3758"}],"wp:attachment":[{"href":"https:\/\/patagonia.gob.ar\/wp2019\/wp-json\/wp\/v2\/media?parent=3757"}],"wp:term":[{"taxonomy":"category","embeddable":true,"href":"https:\/\/patagonia.gob.ar\/wp2019\/wp-json\/wp\/v2\/categories?post=3757"},{"taxonomy":"post_tag","embeddable":true,"href":"https:\/\/patagonia.gob.ar\/wp2019\/wp-json\/wp\/v2\/tags?post=3757"}],"curies":[{"name":"wp","href":"https:\/\/api.w.org\/{rel}","templated":true}]}}