{"id":5625,"date":"2022-10-03T02:26:25","date_gmt":"2022-10-03T05:26:25","guid":{"rendered":"https:\/\/patagonia.gob.ar\/?p=5625"},"modified":"2022-10-03T12:55:44","modified_gmt":"2022-10-03T15:55:44","slug":"patagonia-genero-fuerte-interes-en-la-feria-internacional-de-turismo","status":"publish","type":"post","link":"https:\/\/patagonia.gob.ar\/wp2019\/2022\/10\/03\/patagonia-genero-fuerte-interes-en-la-feria-internacional-de-turismo\/","title":{"rendered":"Patagonia gener\u00f3 fuerte inter\u00e9s en la Feria Internacional de Turismo"},"content":{"rendered":"<p>Gran cantidad de p\u00fablico se acerc\u00f3 al espacio patag\u00f3nico durante el fin de semana en busca de informaci\u00f3n para decidir un pr\u00f3ximo destino vacacional. Dentro de la experiencia inmersiva, el escenario concentr\u00f3 la atenci\u00f3n de los visitantes con las clases de cocina, degustaciones, espect\u00e1culos y sorteos.<\/p>\n<p><img loading=\"lazy\" class=\"wp-image-5638 aligncenter\" src=\"http:\/\/patagonia.gob.ar\/wp2019\/wp-content\/uploads\/2022\/10\/WhatsApp-Image-2022-10-03-at-2.11.58-AM.jpeg\" alt=\"\" width=\"488\" height=\"651\" \/><\/p>\n<p>&nbsp;<\/p>\n<p>Las dos primeras jornadas en la Feria Internacional de Turismo se desarrollaron con una muy buena afluencia de visitantes\u00a0 que colmaron los pasillos del predio Rural de Palermo. El stand del Ente Oficial de Turismo Patagonia Argentina, que nuclea a las provincias de la regi\u00f3n, recibi\u00f3 un flujo constante de p\u00fablico interesado en las propuestas del sur argentino.<\/p>\n<p><img loading=\"lazy\" class=\"alignnone size-medium wp-image-5666\" src=\"http:\/\/patagonia.gob.ar\/wp2019\/wp-content\/uploads\/2022\/10\/WhatsApp-Image-2022-10-03-at-1.20.44-AM.jpeg\" alt=\"\" width=\"1018\" height=\"656\" srcset=\"https:\/\/patagonia.gob.ar\/wp2019\/wp-content\/uploads\/2022\/10\/WhatsApp-Image-2022-10-03-at-1.20.44-AM.jpeg 1018w, https:\/\/patagonia.gob.ar\/wp2019\/wp-content\/uploads\/2022\/10\/WhatsApp-Image-2022-10-03-at-1.20.44-AM-768x495.jpeg 768w\" sizes=\"(max-width: 1018px) 100vw, 1018px\" \/><\/p>\n<p>&nbsp;<\/p>\n<p>En el espacio sensorial inmersivo impactantes im\u00e1genes se reflejaban generando un entorno envolvente en 360\u2070. El protagonista de este sitio fue el escenario que alberg\u00f3 los sabores de la Patagonia, clases de cocina, charlas gastron\u00f3micas, y degustaciones de elaboraciones realizadas con aut\u00e9nticos productos patag\u00f3nicos.<\/p>\n<p><img loading=\"lazy\" class=\"alignnone size-medium wp-image-5695\" src=\"http:\/\/patagonia.gob.ar\/wp2019\/wp-content\/uploads\/2022\/10\/A251C95F-3393-447A-94B7-5178F77FA6AD.jpeg\" alt=\"\" width=\"768\" height=\"1024\" \/><br \/>\nLa Trochita se llev\u00f3 todas las miradas al ingreso del predio ferial. La locomotora que viaj\u00f3 especialmente para celebrar su 100\u2070 Aniversario sorprendi\u00f3 y enamor\u00f3 al p\u00fablico, que se fotografiaba con la formaci\u00f3n y aguardaba su turno para poder subir al coche comedor y conocer el interior de esta joya ferroviaria.<\/p>\n<p><img loading=\"lazy\" class=\"wp-image-5650 aligncenter\" src=\"http:\/\/patagonia.gob.ar\/wp2019\/wp-content\/uploads\/2022\/10\/WhatsApp-Image-2022-10-03-at-1.41.15-AM.jpeg\" alt=\"\" width=\"510\" height=\"383\" srcset=\"https:\/\/patagonia.gob.ar\/wp2019\/wp-content\/uploads\/2022\/10\/WhatsApp-Image-2022-10-03-at-1.41.15-AM.jpeg 1024w, https:\/\/patagonia.gob.ar\/wp2019\/wp-content\/uploads\/2022\/10\/WhatsApp-Image-2022-10-03-at-1.41.15-AM-768x576.jpeg 768w\" sizes=\"(max-width: 510px) 100vw, 510px\" \/><\/p>\n<p>Los destinos tambi\u00e9n realizaron charlas y presentaciones en los auditorios de la feria, que vieron colmada su capacidad ante el inter\u00e9s que generaron las propuestas.<\/p>\n<p><img loading=\"lazy\" class=\"wp-image-5654 aligncenter\" src=\"http:\/\/patagonia.gob.ar\/wp2019\/wp-content\/uploads\/2022\/10\/WhatsApp-Image-2022-10-03-at-1.30.51-AM.jpeg\" alt=\"\" width=\"443\" height=\"309\" srcset=\"https:\/\/patagonia.gob.ar\/wp2019\/wp-content\/uploads\/2022\/10\/WhatsApp-Image-2022-10-03-at-1.30.51-AM.jpeg 1019w, https:\/\/patagonia.gob.ar\/wp2019\/wp-content\/uploads\/2022\/10\/WhatsApp-Image-2022-10-03-at-1.30.51-AM-768x536.jpeg 768w\" sizes=\"(max-width: 443px) 100vw, 443px\" \/><\/p>\n<p>Familias, grandes y ni\u00f1os, participaron de las actividades l\u00fadicas, trivias, experiencias 3D, sorteos, y se llevaron informaci\u00f3n sobre las novedades de los destinos tur\u00edsticos para la temporada de verano.<\/p>\n<p><img loading=\"lazy\" class=\"wp-image-5658 aligncenter\" src=\"http:\/\/patagonia.gob.ar\/wp2019\/wp-content\/uploads\/2022\/10\/WhatsApp-Image-2022-10-03-at-1.37.51-AM.jpeg\" alt=\"\" width=\"381\" height=\"375\" \/><img loading=\"lazy\" class=\"wp-image-5642 aligncenter\" src=\"http:\/\/patagonia.gob.ar\/wp2019\/wp-content\/uploads\/2022\/10\/WhatsApp-Image-2022-10-03-at-1.23.33-AM.jpeg\" alt=\"\" width=\"382\" height=\"286\" srcset=\"https:\/\/patagonia.gob.ar\/wp2019\/wp-content\/uploads\/2022\/10\/WhatsApp-Image-2022-10-03-at-1.23.33-AM.jpeg 1024w, https:\/\/patagonia.gob.ar\/wp2019\/wp-content\/uploads\/2022\/10\/WhatsApp-Image-2022-10-03-at-1.23.33-AM-768x576.jpeg 768w\" sizes=\"(max-width: 382px) 100vw, 382px\" \/><\/p>\n<p>Los d\u00edas lunes y martes el evento est\u00e1 orientado exclusivamente a profesionales del sector, y se desarrollar\u00e1n rondas y encuentros de negocios.<\/p>\n<div id='gallery-1' class='gallery galleryid-5625 gallery-columns-3 gallery-size-thumbnail'><figure class='gallery-item'>\n\t\t\t<div class='gallery-icon landscape'>\n\t\t\t\t<a href='https:\/\/patagonia.gob.ar\/wp2019\/2022\/10\/03\/patagonia-genero-fuerte-interes-en-la-feria-internacional-de-turismo\/whatsapp-image-2022-10-03-at-1-19-12-am\/'><img width=\"720\" height=\"586\" src=\"https:\/\/patagonia.gob.ar\/wp2019\/wp-content\/uploads\/2022\/10\/WhatsApp-Image-2022-10-03-at-1.19.12-AM-720x586.jpeg\" class=\"attachment-thumbnail size-thumbnail\" alt=\"\" loading=\"lazy\" \/><\/a>\n\t\t\t<\/div><\/figure><figure class='gallery-item'>\n\t\t\t<div class='gallery-icon landscape'>\n\t\t\t\t<a href='https:\/\/patagonia.gob.ar\/wp2019\/2022\/10\/03\/patagonia-genero-fuerte-interes-en-la-feria-internacional-de-turismo\/d3823ab9-2c56-4223-b88c-72664bd010a8\/'><img width=\"720\" height=\"714\" src=\"https:\/\/patagonia.gob.ar\/wp2019\/wp-content\/uploads\/2022\/10\/D3823AB9-2C56-4223-B88C-72664BD010A8-720x714.jpeg\" class=\"attachment-thumbnail size-thumbnail\" alt=\"\" loading=\"lazy\" \/><\/a>\n\t\t\t<\/div><\/figure><figure class='gallery-item'>\n\t\t\t<div class='gallery-icon landscape'>\n\t\t\t\t<a href='https:\/\/patagonia.gob.ar\/wp2019\/2022\/10\/03\/patagonia-genero-fuerte-interes-en-la-feria-internacional-de-turismo\/96dafadb-6d9a-4fc2-9dab-fd8ed1f31f60\/'><img width=\"720\" height=\"720\" src=\"https:\/\/patagonia.gob.ar\/wp2019\/wp-content\/uploads\/2022\/10\/96DAFADB-6D9A-4FC2-9DAB-FD8ED1F31F60-720x720.jpeg\" class=\"attachment-thumbnail size-thumbnail\" alt=\"\" loading=\"lazy\" \/><\/a>\n\t\t\t<\/div><\/figure><figure class='gallery-item'>\n\t\t\t<div class='gallery-icon landscape'>\n\t\t\t\t<a href='https:\/\/patagonia.gob.ar\/wp2019\/2022\/10\/03\/patagonia-genero-fuerte-interes-en-la-feria-internacional-de-turismo\/2ee71662-7c59-4863-9daa-9eac4fda7365\/'><img width=\"720\" height=\"656\" src=\"https:\/\/patagonia.gob.ar\/wp2019\/wp-content\/uploads\/2022\/10\/2EE71662-7C59-4863-9DAA-9EAC4FDA7365-720x656.jpeg\" class=\"attachment-thumbnail size-thumbnail\" alt=\"\" loading=\"lazy\" \/><\/a>\n\t\t\t<\/div><\/figure><figure class='gallery-item'>\n\t\t\t<div class='gallery-icon landscape'>\n\t\t\t\t<a href='https:\/\/patagonia.gob.ar\/wp2019\/2022\/10\/03\/patagonia-genero-fuerte-interes-en-la-feria-internacional-de-turismo\/3a157359-a032-4e3e-9279-17d2f4e9e193\/'><img width=\"720\" height=\"720\" src=\"https:\/\/patagonia.gob.ar\/wp2019\/wp-content\/uploads\/2022\/10\/3A157359-A032-4E3E-9279-17D2F4E9E193-720x720.jpeg\" class=\"attachment-thumbnail size-thumbnail\" alt=\"\" loading=\"lazy\" \/><\/a>\n\t\t\t<\/div><\/figure><figure class='gallery-item'>\n\t\t\t<div class='gallery-icon portrait'>\n\t\t\t\t<a href='https:\/\/patagonia.gob.ar\/wp2019\/2022\/10\/03\/patagonia-genero-fuerte-interes-en-la-feria-internacional-de-turismo\/7a181d37-45da-4024-8103-86ea74eff546\/'><img width=\"720\" height=\"720\" src=\"https:\/\/patagonia.gob.ar\/wp2019\/wp-content\/uploads\/2022\/10\/7A181D37-45DA-4024-8103-86EA74EFF546-720x720.jpeg\" class=\"attachment-thumbnail size-thumbnail\" alt=\"\" loading=\"lazy\" \/><\/a>\n\t\t\t<\/div><\/figure><figure class='gallery-item'>\n\t\t\t<div class='gallery-icon landscape'>\n\t\t\t\t<a href='https:\/\/patagonia.gob.ar\/wp2019\/2022\/10\/03\/patagonia-genero-fuerte-interes-en-la-feria-internacional-de-turismo\/31486fac-4505-43d9-9f6b-dd048fe1a99a\/'><img width=\"720\" height=\"720\" src=\"https:\/\/patagonia.gob.ar\/wp2019\/wp-content\/uploads\/2022\/10\/31486FAC-4505-43D9-9F6B-DD048FE1A99A-720x720.jpeg\" class=\"attachment-thumbnail size-thumbnail\" alt=\"\" loading=\"lazy\" \/><\/a>\n\t\t\t<\/div><\/figure>\n\t\t<\/div>\n\n<p>&nbsp;<\/p>\n","protected":false},"excerpt":{"rendered":"<p>Gran cantidad de p\u00fablico se acerc\u00f3 al espacio patag\u00f3nico durante el fin de semana en busca de informaci\u00f3n para decidir un pr\u00f3ximo destino vacacional. Dentro de la experiencia inmersiva, el escenario concentr\u00f3 la atenci\u00f3n de los visitantes con las clases de cocina, degustaciones, espect\u00e1culos y sorteos. [&#8230;]<\/p>\n<p><a class=\"btn btn-secondary understrap-read-more-link\" href=\"https:\/\/patagonia.gob.ar\/wp2019\/2022\/10\/03\/patagonia-genero-fuerte-interes-en-la-feria-internacional-de-turismo\/\">Leer m\u00e1s&#8230;<\/a><\/p>\n","protected":false},"author":3,"featured_media":5626,"comment_status":"open","ping_status":"open","sticky":false,"template":"","format":"standard","meta":[],"categories":[2],"tags":[],"_links":{"self":[{"href":"https:\/\/patagonia.gob.ar\/wp2019\/wp-json\/wp\/v2\/posts\/5625"}],"collection":[{"href":"https:\/\/patagonia.gob.ar\/wp2019\/wp-json\/wp\/v2\/posts"}],"about":[{"href":"https:\/\/patagonia.gob.ar\/wp2019\/wp-json\/wp\/v2\/types\/post"}],"author":[{"embeddable":true,"href":"https:\/\/patagonia.gob.ar\/wp2019\/wp-json\/wp\/v2\/users\/3"}],"replies":[{"embeddable":true,"href":"https:\/\/patagonia.gob.ar\/wp2019\/wp-json\/wp\/v2\/comments?post=5625"}],"version-history":[{"count":5,"href":"https:\/\/patagonia.gob.ar\/wp2019\/wp-json\/wp\/v2\/posts\/5625\/revisions"}],"predecessor-version":[{"id":5727,"href":"https:\/\/patagonia.gob.ar\/wp2019\/wp-json\/wp\/v2\/posts\/5625\/revisions\/5727"}],"wp:featuredmedia":[{"embeddable":true,"href":"https:\/\/patagonia.gob.ar\/wp2019\/wp-json\/wp\/v2\/media\/5626"}],"wp:attachment":[{"href":"https:\/\/patagonia.gob.ar\/wp2019\/wp-json\/wp\/v2\/media?parent=5625"}],"wp:term":[{"taxonomy":"category","embeddable":true,"href":"https:\/\/patagonia.gob.ar\/wp2019\/wp-json\/wp\/v2\/categories?post=5625"},{"taxonomy":"post_tag","embeddable":true,"href":"https:\/\/patagonia.gob.ar\/wp2019\/wp-json\/wp\/v2\/tags?post=5625"}],"curies":[{"name":"wp","href":"https:\/\/api.w.org\/{rel}","templated":true}]}}